{"id":42,"date":"2012-03-26T16:05:22","date_gmt":"2012-03-26T15:05:22","guid":{"rendered":"https:\/\/psicologo-especialista-barcelona.com\/blog\/?p=42"},"modified":"2013-06-19T15:50:06","modified_gmt":"2013-06-19T14:50:06","slug":"emocion-expresada-en-la-esquizofrenia","status":"publish","type":"post","link":"https:\/\/psicologo-especialista-barcelona.com\/blog\/emocion-expresada-en-la-esquizofrenia\/","title":{"rendered":"Emoci\u00f3n Expresada en la Esquizofrenia"},"content":{"rendered":"<p style=\"text-align: justify;\">El concepto de Emoci\u00f3n Expresada (EE)\u00a0 surge por primera vez en la d\u00e9cada de los setenta en Inglaterra, en pleno auge del estudio de los <a href=\"http:\/\/psicologo-especialista-barcelona.com\/que_es_la_esquizofrenia.html\">sintomas de la esquizofrenia.<\/a> Se observ\u00f3 que ciertos pacientes, que hab\u00edan completado el tratamiento para la esquizofrenia,\u00a0 reca\u00edan al volver a casa para vivir con sus familias. De esas observaciones se comenzaron a hacer investigaciones acerca de las caracter\u00edsticas familiares que pod\u00edan producir la reca\u00edda. Entre ellas se observaron tres caracter\u00edsticas familiares clave:<\/p>\n<ul style=\"text-align: justify;\">\n<li>Criticismo<\/li>\n<li>Hostilidad<\/li>\n<li>Sobreimplicaci\u00f3n familiar<\/li>\n<\/ul>\n<p style=\"text-align: justify;\"><strong>El Criticismo:<\/strong> Representa aquellos comentarios cr\u00edticos formulados por el familiar con una connotaci\u00f3n y un tono negativos, tipo reproche, con un \u00e9nfasis expresivo elevado. Un ejemplo ser\u00eda esa madre \/ padre que le dice a su hijo: \u00bb Pareces un cerdo, con eso que llevas puesto, porque no haces el favor de cambiarte\u00bb \u00abme da verguenza ir contigo as\u00ed\u00bb. El mismo comentario sin ser tan cr\u00edtico podr\u00eda ser: \u00bb Seguramente te sentir\u00edas mejor si te pusieras ropa limpia\u00bb<\/p>\n<p style=\"text-align: justify;\"><strong>La Hostilidad:<\/strong> Es un grado m\u00e1s elevado del criticismo, e implica un rechazo directo, generalmente va acompa\u00f1ado de amenazas o ultim\u00e1tums. Se suele utilizar un tono muy elevado y presentar un componente de agrasividad verbal. Se da en casos en los que la familia se siente desesperada y ya no sabe c\u00f3mo actuar para que su situaci\u00f3n cambie.<\/p>\n<p style=\"text-align: justify;\"><strong>La Sobreimplicaci\u00f3n Emocional:<\/strong> En este caso se da una sobreprotecci\u00f3n al familiar completamente exagerada. Se intenta controlar todos los actos de la persona, vigilarle, cuidarle, hacerle absolutamente todo en la casa, convirti\u00e9ndolo en un completo emfermo que no se vale por su cuenta. Existe un sentimeinto de culpa y l\u00e1stima por el familiar con esquizofrenia y se dan situaciones como. \u00abNo te preocupes, ya te hago yo la cama, quieres que te acerque un zumo?\u00bb<\/p>\n<p style=\"text-align: justify;\">Estos tres factores dentro de la comunicaci\u00f3n y la din\u00e1mica familiar han demostrado ser un predictor relevante en la reca\u00edda de personas con esquizofrenia. Y el hecho de poder reducir esta emoci\u00f3n expresada en la familia mediante la intervenci\u00f3n psicol\u00f3gica ha mostrado una mejor\u00eda en los niveles de estr\u00e9s, un mejor ambiente familiar y una mayor aderencia al tratamiento farmacol\u00f3gico para la esquizofrenia.<\/p>\n<p style=\"text-align: center;\"><strong><span style=\"color: #000000;\"> Ap\u00fantate para seguir el blog e ir recibiendo art\u00edculos sobre salud y consejos sobre c\u00f3mo vivir mejor. Es completamente gratuito y te har\u00e1 estar informado en todo momento.<\/span><\/strong><\/p>\n<form style=\"border: 2px solid #ccc; padding: 3px; text-align: center;\" action=\"http:\/\/feedburner.google.com\/fb\/a\/mailverify\" method=\"post\" target=\"popupwindow\" onsubmit=\"window.open('http:\/\/feedburner.google.com\/fb\/a\/mailverify?uri=psicologo-especialista-barcelona', 'popupwindow', 'scrollbars=yes,width=550,height=520');return true\">Escribe tu e-mail:<input style=\"width: 140px;\" type=\"text\" name=\"email\" \/><input type=\"hidden\" name=\"uri\" value=\"psicologo-especialista-barcelona\" \/><input type=\"hidden\" name=\"loc\" value=\"es_ES\" \/><input type=\"submit\" value=\"Ap\u00fantarme\" \/><br \/>\nDelivered by <a href=\"http:\/\/feedburner.google.com\" target=\"_blank\">FeedBurner<\/a><\/form>\n<p>&nbsp;<\/p>\n","protected":false},"excerpt":{"rendered":"<p>El concepto de Emoci\u00f3n Expresada (EE)\u00a0 surge por primera vez en la d\u00e9cada de los setenta en Inglaterra, en pleno auge del estudio de los sintomas de la esquizofrenia. Se observ\u00f3 que ciertos pacientes, que hab\u00edan completado el tratamiento para la esquizofrenia,\u00a0 reca\u00edan al volver a casa para vivir con sus familias. De esas observaciones &hellip; <\/p>\n<p><a class=\"more-link btn\" href=\"https:\/\/psicologo-especialista-barcelona.com\/blog\/emocion-expresada-en-la-esquizofrenia\/\">Seguir leyendo<\/a><\/p>\n","protected":false},"author":1,"featured_media":0,"comment_status":"open","ping_status":"open","sticky":false,"template":"","format":"standard","meta":[],"categories":[8],"tags":[11,16,25,26],"aioseo_notices":[],"_links":{"self":[{"href":"https:\/\/psicologo-especialista-barcelona.com\/blog\/wp-json\/wp\/v2\/posts\/42"}],"collection":[{"href":"https:\/\/psicologo-especialista-barcelona.com\/blog\/wp-json\/wp\/v2\/posts"}],"about":[{"href":"https:\/\/psicologo-especialista-barcelona.com\/blog\/wp-json\/wp\/v2\/types\/post"}],"author":[{"embeddable":true,"href":"https:\/\/psicologo-especialista-barcelona.com\/blog\/wp-json\/wp\/v2\/users\/1"}],"replies":[{"embeddable":true,"href":"https:\/\/psicologo-especialista-barcelona.com\/blog\/wp-json\/wp\/v2\/comments?post=42"}],"version-history":[{"count":5,"href":"https:\/\/psicologo-especialista-barcelona.com\/blog\/wp-json\/wp\/v2\/posts\/42\/revisions"}],"predecessor-version":[{"id":45,"href":"https:\/\/psicologo-especialista-barcelona.com\/blog\/wp-json\/wp\/v2\/posts\/42\/revisions\/45"}],"wp:attachment":[{"href":"https:\/\/psicologo-especialista-barcelona.com\/blog\/wp-json\/wp\/v2\/media?parent=42"}],"wp:term":[{"taxonomy":"category","embeddable":true,"href":"https:\/\/psicologo-especialista-barcelona.com\/blog\/wp-json\/wp\/v2\/categories?post=42"},{"taxonomy":"post_tag","embeddable":true,"href":"https:\/\/psicologo-especialista-barcelona.com\/blog\/wp-json\/wp\/v2\/tags?post=42"}],"curies":[{"name":"wp","href":"https:\/\/api.w.org\/{rel}","templated":true}]}}