{"id":39,"date":"2012-03-23T13:44:27","date_gmt":"2012-03-23T12:44:27","guid":{"rendered":"https:\/\/psicologo-especialista-barcelona.com\/blog\/?p=39"},"modified":"2014-02-11T12:48:02","modified_gmt":"2014-02-11T11:48:02","slug":"el-cannabis-produce-esquizofrenia","status":"publish","type":"post","link":"https:\/\/psicologo-especialista-barcelona.com\/blog\/el-cannabis-produce-esquizofrenia\/","title":{"rendered":"\u00bfEl cannabis produce esquizofrenia?"},"content":{"rendered":"<p style=\"text-align: justify;\">Mucho se ha escrito acerca de las propiedades del cannabis, todo depende de en qu\u00e9 fuente te informes. Es medicinal?, relaja? te ayuda a ver las cosas desde otro prisma? puene generar problemas de ansiedad? esuizofrenia o psicosis? si te lo recetan sienta bien&#8230; Wow parece que puede hacerlo todo no? Hemos de ser un poco cr\u00edticos con toda la informaci\u00f3n que nos llega. Incluso recientemente un alcalde de un pueblo de Tarragona planteaba el hacer negocio con una plantaci\u00f3n legal de cannabis. Por lo tanto no ser\u00e1 tan malo&#8230; \u00bfQui\u00e9n tiene la respuesta?<\/p>\n<p style=\"text-align: justify;\"><img loading=\"lazy\" class=\"aligncenter size-full wp-image-1398\" alt=\"Cannabis y esquizofrenia\" src=\"https:\/\/psicologo-especialista-barcelona.com\/blog\/wp-content\/uploads\/2012\/03\/Cannabis.jpg\" width=\"400\" height=\"267\" srcset=\"https:\/\/psicologo-especialista-barcelona.com\/blog\/wp-content\/uploads\/2012\/03\/Cannabis.jpg 400w, https:\/\/psicologo-especialista-barcelona.com\/blog\/wp-content\/uploads\/2012\/03\/Cannabis-300x200.jpg 300w\" sizes=\"(max-width: 400px) 100vw, 400px\" \/><\/p>\n<p>En estos casos creo que es importante mirar las estad\u00edsticas y la relaci\u00f3n entre el cannabis las enfermedades mentales<\/p>\n<table border=\"1\" cellspacing=\"0\" cellpadding=\"0\">\n<tbody>\n<tr>\n<td valign=\"top\" width=\"331\"><strong>Diagn\u00f3stico<\/strong><\/td>\n<td valign=\"top\" width=\"250\"><strong>Consumo de cannabis (%)<\/strong><\/td>\n<\/tr>\n<tr>\n<td valign=\"top\" width=\"331\">Esquizofrenia o trastorno esquizot\u00edpico<\/td>\n<td valign=\"top\" width=\"250\">\n<p align=\"center\">5,04<\/p>\n<\/td>\n<\/tr>\n<tr>\n<td valign=\"top\" width=\"331\">Trastornos esquizoafectivos<\/td>\n<td valign=\"top\" width=\"250\">\n<p align=\"center\">0,42<\/p>\n<\/td>\n<\/tr>\n<tr>\n<td valign=\"top\" width=\"331\">Otros trastornos psic\u00f3ticos<\/td>\n<td valign=\"top\" width=\"250\">\n<p align=\"center\">4,34<\/p>\n<\/td>\n<\/tr>\n<tr>\n<td valign=\"top\" width=\"331\">Trastornos bipolares<\/td>\n<td valign=\"top\" width=\"250\">\n<p align=\"center\">0,9<\/p>\n<\/td>\n<\/tr>\n<tr>\n<td valign=\"top\" width=\"331\">Otros trastornos afectivos<\/td>\n<td valign=\"top\" width=\"250\">\n<p align=\"center\">6,58<\/p>\n<\/td>\n<\/tr>\n<tr>\n<td valign=\"top\" width=\"331\">Agorafobia \/ Trastorno de p\u00e1nico<\/td>\n<td valign=\"top\" width=\"250\">\n<p align=\"center\">0,42<\/p>\n<\/td>\n<\/tr>\n<tr>\n<td valign=\"top\" width=\"331\">Fobia social<\/td>\n<td valign=\"top\" width=\"250\">\n<p align=\"center\">0,39<\/p>\n<\/td>\n<\/tr>\n<tr>\n<td valign=\"top\" width=\"331\">Trastorno de ansiedad generalizada<\/td>\n<td valign=\"top\" width=\"250\">\n<p align=\"center\">0,32<\/p>\n<\/td>\n<\/tr>\n<tr>\n<td valign=\"top\" width=\"331\">Trastorno obsesivo compulsivo<\/td>\n<td valign=\"top\" width=\"250\">\n<p align=\"center\">0,55<\/p>\n<\/td>\n<\/tr>\n<tr>\n<td valign=\"top\" width=\"331\">Trastornos adaptativos<\/td>\n<td valign=\"top\" width=\"250\">\n<p align=\"center\">9,57<\/p>\n<\/td>\n<\/tr>\n<tr>\n<td valign=\"top\" width=\"331\">Trastornos de personalidad<\/td>\n<td valign=\"top\" width=\"250\">\n<p align=\"center\">17,73<\/p>\n<\/td>\n<\/tr>\n<\/tbody>\n<\/table>\n<p>Arendt, M., Rosenberg, R., Foldager, L., Perto, G., &amp; Munk-Jorgensen, P. (2007). Psychopathology among cannabisdependent<br \/>\ntreatment seekers and association with later substance abuse treatment. Journal of substance abuse treatment,<br \/>\n32(2), 113-119.<\/p>\n<p style=\"text-align: justify;\">Tanto la esquizofrenia, trastornos afectivos, trastornos adaptativos y los trastornos de personalidad parece que est\u00e1n fuertemente relacionados con el consumo de cannabis. Y recientemente se ha investigado acerca del <strong>s\u00edndrome amotivacional<\/strong>, que principalmente se caracteriza por generar una apat\u00eda y un desinter\u00e9s por parte de la persona pr\u00e1cticamente presente en todas las \u00e1reas de su vida. La persona se siente fatigada, con dificultades para concentrarse, despistes frecuentes, le cuesta mucho seguir con las rutinas diarias, as\u00ed como enfrentarse a la frustraci\u00f3n, por lo que se puede mostrar irascible cuando se le lleva la contraria. Es frecuente que haya un abandono personal, afectando a la higiene de la persona.<\/p>\n<p style=\"text-align: justify;\">Este s\u00edndrome se ha observado que suele aparecer en casos de consumo cr\u00f3nico, pero que\u00a0 remite en caso de dejar el consumo. Por otro lado el s\u00edndrome puede estar producidopor la presencia adicional de otro trastorno afectivo.<\/p>\n<p style=\"text-align: justify;\">En el caso de la esquizofrenia, la relaci\u00f3n es bastante directa. Si nos detenemos un instante y reflexionamos sobre <a href=\"http:\/\/psicologo-especialista-barcelona.com\/que_es_la_esquizofrenia.html\">qu\u00e9 es la esquizofrenia<\/a> o en los s\u00edntomas de la esquizofrenia, observamos que inebitablemente hablaremos de desconexiones con la realidad, <a href=\"http:\/\/psicologo-especialista-barcelona.com\/que_son_delirios_o_alucinaciones.html\" target=\"_blank\">alucinaciones y delirios<\/a>. Creo que por todos es conocido que el principio activo del cannabis el THC es un potente alucin\u00f3jeno. Por lo que no es de extra\u00f1ar que si consumo un alucin\u00f3jeno,&#8230; acabe alucinando? La relaci\u00f3n est\u00e1 m\u00e1s que demostrada.<\/p>\n<p style=\"text-align: justify;\">El problema principal es que, a d\u00eda de hoy no podemos realizar la afirmaci\u00f3n que el consumir cannabis genera esquizofrenia s\u00ed o s\u00ed. De la misma manera que no se puede afirmar que el fumar causa c\u00e1ncer en todos los casos&#8230; Pero todos entendemos la relaci\u00f3n. Con el tabaco y el c\u00e1ncer tardamos muchos a\u00f1os en ver esta relaci\u00f3n. \u00bfCu\u00e1nto tiempo nos llevar\u00e1 con el cannabis y la esquizofrenia?<\/p>\n<p style=\"text-align: center;\"><strong><span style=\"color: #000000;\"> Ap\u00fantate para seguir el blog e ir recibiendo art\u00edculos sobre salud y consejos sobre c\u00f3mo vivir mejor. Es completamente gratuito y te har\u00e1 estar informado en todo momento.<\/span><\/strong><\/p>\n<form style=\"border: 2px solid #ccc; padding: 3px; text-align: center;\" action=\"http:\/\/feedburner.google.com\/fb\/a\/mailverify\" method=\"post\" target=\"popupwindow\" onsubmit=\"window.open('http:\/\/feedburner.google.com\/fb\/a\/mailverify?uri=psicologo-especialista-barcelona', 'popupwindow', 'scrollbars=yes,width=550,height=520');return true\">Escribe tu e-mail:<input style=\"width: 140px;\" type=\"text\" name=\"email\" \/><input type=\"hidden\" name=\"uri\" value=\"psicologo-especialista-barcelona\" \/><input type=\"hidden\" name=\"loc\" value=\"es_ES\" \/><input type=\"submit\" value=\"Ap\u00fantarme\" \/><br \/>\nDelivered by <a href=\"http:\/\/feedburner.google.com\" target=\"_blank\">FeedBurner<\/a><\/form>\n<p>&nbsp;<\/p>\n","protected":false},"excerpt":{"rendered":"<p>Mucho se ha escrito acerca de las propiedades del cannabis, todo depende de en qu\u00e9 fuente te informes. Es medicinal?, relaja? te ayuda a ver las cosas desde otro prisma? puene generar problemas de ansiedad? esuizofrenia o psicosis? si te lo recetan sienta bien&#8230; Wow parece que puede hacerlo todo no? Hemos de ser un &hellip; <\/p>\n<p><a class=\"more-link btn\" href=\"https:\/\/psicologo-especialista-barcelona.com\/blog\/el-cannabis-produce-esquizofrenia\/\">Seguir leyendo<\/a><\/p>\n","protected":false},"author":1,"featured_media":0,"comment_status":"open","ping_status":"open","sticky":false,"template":"","format":"standard","meta":[],"categories":[8,1],"tags":[13,21,14,11,16,24,23,22],"aioseo_notices":[],"_links":{"self":[{"href":"https:\/\/psicologo-especialista-barcelona.com\/blog\/wp-json\/wp\/v2\/posts\/39"}],"collection":[{"href":"https:\/\/psicologo-especialista-barcelona.com\/blog\/wp-json\/wp\/v2\/posts"}],"about":[{"href":"https:\/\/psicologo-especialista-barcelona.com\/blog\/wp-json\/wp\/v2\/types\/post"}],"author":[{"embeddable":true,"href":"https:\/\/psicologo-especialista-barcelona.com\/blog\/wp-json\/wp\/v2\/users\/1"}],"replies":[{"embeddable":true,"href":"https:\/\/psicologo-especialista-barcelona.com\/blog\/wp-json\/wp\/v2\/comments?post=39"}],"version-history":[{"count":5,"href":"https:\/\/psicologo-especialista-barcelona.com\/blog\/wp-json\/wp\/v2\/posts\/39\/revisions"}],"predecessor-version":[{"id":1399,"href":"https:\/\/psicologo-especialista-barcelona.com\/blog\/wp-json\/wp\/v2\/posts\/39\/revisions\/1399"}],"wp:attachment":[{"href":"https:\/\/psicologo-especialista-barcelona.com\/blog\/wp-json\/wp\/v2\/media?parent=39"}],"wp:term":[{"taxonomy":"category","embeddable":true,"href":"https:\/\/psicologo-especialista-barcelona.com\/blog\/wp-json\/wp\/v2\/categories?post=39"},{"taxonomy":"post_tag","embeddable":true,"href":"https:\/\/psicologo-especialista-barcelona.com\/blog\/wp-json\/wp\/v2\/tags?post=39"}],"curies":[{"name":"wp","href":"https:\/\/api.w.org\/{rel}","templated":true}]}}