{"id":305,"date":"2012-05-02T14:37:22","date_gmt":"2012-05-02T13:37:22","guid":{"rendered":"https:\/\/psicologo-especialista-barcelona.com\/blog\/?p=305"},"modified":"2012-05-02T14:37:22","modified_gmt":"2012-05-02T13:37:22","slug":"video-de-los-sintomas-de-la-esquizofrenia","status":"publish","type":"post","link":"https:\/\/psicologo-especialista-barcelona.com\/blog\/video-de-los-sintomas-de-la-esquizofrenia\/","title":{"rendered":"Video de los s\u00edntomas de la esquizofrenia"},"content":{"rendered":"<p>En este v\u00eddeo de Psic\u00f3logo especialista Barcelona, veremos de forma extensa las cuatro categor\u00edas sintom\u00e1ticas principales de la esquizofrenia.<\/p>\n<ul>\n<li>Los s\u00edntomas positivos.<\/li>\n<li>Los s\u00edntomas negativos.<\/li>\n<li>Los s\u00edntomas cognitivos.<\/li>\n<li>Los s\u00edntomas afectivos.<\/li>\n<\/ul>\n<p><iframe loading=\"lazy\" src=\"http:\/\/www.youtube.com\/embed\/Z52v4zXMuK8\" frameborder=\"0\" width=\"640\" height=\"480\"><\/iframe><\/p>\n<p>Si os ha servido no os olvid\u00e9is de recomendar. Gracias.<\/p>\n<p>&nbsp;<\/p>\n","protected":false},"excerpt":{"rendered":"<p>En este v\u00eddeo de Psic\u00f3logo especialista Barcelona, veremos de forma extensa las cuatro categor\u00edas sintom\u00e1ticas principales de la esquizofrenia. Los s\u00edntomas positivos. Los s\u00edntomas negativos. Los s\u00edntomas cognitivos. Los s\u00edntomas afectivos. Si os ha servido no os olvid\u00e9is de recomendar. Gracias. &nbsp;<\/p>\n","protected":false},"author":1,"featured_media":0,"comment_status":"open","ping_status":"open","sticky":false,"template":"","format":"standard","meta":[],"categories":[8],"tags":[11,9,29,3,126,127,16,78,77],"aioseo_notices":[],"_links":{"self":[{"href":"https:\/\/psicologo-especialista-barcelona.com\/blog\/wp-json\/wp\/v2\/posts\/305"}],"collection":[{"href":"https:\/\/psicologo-especialista-barcelona.com\/blog\/wp-json\/wp\/v2\/posts"}],"about":[{"href":"https:\/\/psicologo-especialista-barcelona.com\/blog\/wp-json\/wp\/v2\/types\/post"}],"author":[{"embeddable":true,"href":"https:\/\/psicologo-especialista-barcelona.com\/blog\/wp-json\/wp\/v2\/users\/1"}],"replies":[{"embeddable":true,"href":"https:\/\/psicologo-especialista-barcelona.com\/blog\/wp-json\/wp\/v2\/comments?post=305"}],"version-history":[{"count":5,"href":"https:\/\/psicologo-especialista-barcelona.com\/blog\/wp-json\/wp\/v2\/posts\/305\/revisions"}],"predecessor-version":[{"id":310,"href":"https:\/\/psicologo-especialista-barcelona.com\/blog\/wp-json\/wp\/v2\/posts\/305\/revisions\/310"}],"wp:attachment":[{"href":"https:\/\/psicologo-especialista-barcelona.com\/blog\/wp-json\/wp\/v2\/media?parent=305"}],"wp:term":[{"taxonomy":"category","embeddable":true,"href":"https:\/\/psicologo-especialista-barcelona.com\/blog\/wp-json\/wp\/v2\/categories?post=305"},{"taxonomy":"post_tag","embeddable":true,"href":"https:\/\/psicologo-especialista-barcelona.com\/blog\/wp-json\/wp\/v2\/tags?post=305"}],"curies":[{"name":"wp","href":"https:\/\/api.w.org\/{rel}","templated":true}]}}