{"id":140,"date":"2012-04-17T08:41:52","date_gmt":"2012-04-17T07:41:52","guid":{"rendered":"https:\/\/psicologo-especialista-barcelona.com\/blog\/?p=140"},"modified":"2013-06-19T16:43:38","modified_gmt":"2013-06-19T15:43:38","slug":"esquizofrenia-cuidado-e-higiene-personal","status":"publish","type":"post","link":"https:\/\/psicologo-especialista-barcelona.com\/blog\/esquizofrenia-cuidado-e-higiene-personal\/","title":{"rendered":"Esquizofrenia, cuidado e higiene personal"},"content":{"rendered":"<h1 style=\"text-align: center;\">Higiene y cuidado personal en la esquizofrenia<\/h1>\n<p style=\"text-align: justify;\">En la esquizofrenia como en otros trastornos mentales severos, en un porcentaje elevado de ocasiones, el cuidado y la higiene personal se acaban convirtiendo en un foco de discusi\u00f3n familiar diario. Y estas dificultades forman parte de los s\u00edntomas de la esquizofrenia, concretamente de los <a href=\"http:\/\/psicologo-especialista-barcelona.com\/que_es_la_esquizofrenia.html\">s\u00edntomas negativos<\/a>. A menudo, los h\u00e1bitos del d\u00eda a d\u00eda, como ducharse, lavarse los dientes, afeitarse, cambiarse de ropa&#8230; pueden plantear un reto.<\/p>\n<p style=\"text-align: justify;\"><img loading=\"lazy\" class=\"aligncenter size-medium wp-image-934\" alt=\"Esquizofrenia e higiene personal\" src=\"https:\/\/psicologo-especialista-barcelona.com\/blog\/wp-content\/uploads\/2012\/04\/esquizofrenia-e-higiene-personal-300x222.jpg\" width=\"300\" height=\"222\" srcset=\"https:\/\/psicologo-especialista-barcelona.com\/blog\/wp-content\/uploads\/2012\/04\/esquizofrenia-e-higiene-personal-300x222.jpg 300w, https:\/\/psicologo-especialista-barcelona.com\/blog\/wp-content\/uploads\/2012\/04\/esquizofrenia-e-higiene-personal-405x300.jpg 405w, https:\/\/psicologo-especialista-barcelona.com\/blog\/wp-content\/uploads\/2012\/04\/esquizofrenia-e-higiene-personal.jpg 520w\" sizes=\"(max-width: 300px) 100vw, 300px\" \/><\/p>\n<p style=\"text-align: justify;\">Es muy importante poder romper esta falta de autocuidados, consider\u00e1ndose como uno de los pasos primordiales dentro de cualquier tratamiento de la esquizofrenia. Ya que trabajando la higiene personal tambi\u00e9n trabajaremos, la responsabilidad, el autocuidado, la autoestima, y la autonom\u00eda de la persona.\u00a0 Primeramente hemos de quitarnos de la cabeza la idea de la vagancia, en muchas ocasiones en la consulta del psic\u00f3logo se escucha \u00ab<em>mira si es vago, que ni se viste, y va todo el d\u00eda en bata por la casa<\/em>\u00ab. \u00bfRealmente esta conducta es de vago? \u00bfO puede ser de una persona que tenga otras dificultades detr\u00e1s de ni molestarse en vestirse? <em>\u00bfPara qu\u00e9 vestirme si ni voy a salir de casa?<\/em>. Otra de las expresiones m\u00e1s escuchadas es:\u00a0 \u00abNo me apetece&#8230;\u00bb Es justamente este no me apetece, el que generalmente entendemos incorrectamente y traducimos como que nos est\u00e1n diciendo \u00abSoy un vago&#8230;\u00bb Pero volvemos a repetir que forma parte de uno de los s\u00edntomas de la esquizofrenia m\u00e1s caracter\u00edsticos. Ojo, no le apetece ducharse o vestirse, de la misma manera que no le apetece ir al cine o a la discoteca. Aunque s\u00ed que es cierto que en algunos casos hay un componente manipulativo, que ya veremos c\u00f3mo trabajar con \u00e9l, especialmente en los casos que la persona no tiene ganas de asumir ciertas responsabilidades como de autocuidado personal, pero s\u00ed de salir o irse al bar a ver a un amigo.<\/p>\n<p style=\"text-align: justify;\">Entonces, ya hemos visto que es algo frecuente, que genera conflictos y posiblemente discusiones y enfados por parte de la familia, especialmente si es considerado como un acto de vagancia, en lugar de un s\u00edntoma de la esquizofrenia m\u00e1s. Y que en algunas ocasiones puede darse tambi\u00e9n una cierta manipulaci\u00f3n o \u00abaprovechamiento\u00bb de estar enfermo.<\/p>\n<p style=\"text-align: justify;\">En estas situaciones resulta muy eficaz marcar l\u00edmites y normas familiares, para establecer un patr\u00f3n de rutinas m\u00ednimas, como son la ducha, cepillado de dientes, cambio de ropa, (s\u00ed, la interior tambi\u00e9n, y conviene revisarlo porque es la que no se suelen cambiar), afeitado, peinado, etc. De forma inicial es posible negociar la frecuencia de dichas actividades, preferiblemente realizando un calendario y especificando de forma diaria qu\u00e9 actividades de autocuidado deber\u00e1 realizar.<\/p>\n<p style=\"text-align: justify;\">En los casos de esquizofrenia en los que existe un deterioro mayor en \u00e1reas tan b\u00e1sicas para la persona es recomendable acompa\u00f1ar al calendario de actividades con rutinas, esto es, que las actividades se hagan todos los d\u00edas y a las mismas horas. As\u00ed estableceremos una rutina ordenada, que les facilitar\u00e1 su cumplimiento. E incluso ser\u00eda conveniente poder realizar los primeros d\u00edas esta rutina de forma conjunta. Por ejemplo, cepillarse los dientes juntos y a la misma hora. De esta manera conseguiremos motivar mucho m\u00e1s\u00a0 a la persona.<\/p>\n<p style=\"text-align: justify;\">Y otro elemento muy importante dentro del tratamiento de la esquizofrenia, es reforzar los esfuerzos y los avances que realizan las personas, por peque\u00f1os que nos parezcan. Para ellos no son tan peque\u00f1os. Este refuerzo puede ser verbal, afectivo o material&#8230;Es preferible no abusar de los refuerzos materiales. Y en los casos que antes hemos comentado en los que pod\u00eda haber un componente maipulativo, volverlos a nuestro favor. <em>\u00abCorrecto, si te aseas, te cambias de ropa y te afeitas, esta tarde podr\u00e1s ir a ver a tu amigo al bar\u00bb<\/em><\/p>\n<p style=\"text-align: center;\"><strong><span style=\"color: #000000;\"> Ap\u00fantate para seguir el blog e ir recibiendo art\u00edculos sobre salud y consejos sobre c\u00f3mo vivir mejor. Es completamente gratuito y te har\u00e1 estar informado en todo momento.<\/span><\/strong><\/p>\n<form style=\"border: 2px solid #ccc; padding: 3px; text-align: center;\" action=\"http:\/\/feedburner.google.com\/fb\/a\/mailverify\" method=\"post\" target=\"popupwindow\" onsubmit=\"window.open('http:\/\/feedburner.google.com\/fb\/a\/mailverify?uri=psicologo-especialista-barcelona', 'popupwindow', 'scrollbars=yes,width=550,height=520');return true\">Escribe tu e-mail:<input style=\"width: 140px;\" type=\"text\" name=\"email\" \/><input type=\"hidden\" name=\"uri\" value=\"psicologo-especialista-barcelona\" \/><input type=\"hidden\" name=\"loc\" value=\"es_ES\" \/><input type=\"submit\" value=\"Ap\u00fantarme\" \/><br \/>\nDelivered by <a href=\"http:\/\/feedburner.google.com\" target=\"_blank\">FeedBurner<\/a><\/form>\n<p>&nbsp;<\/p>\n","protected":false},"excerpt":{"rendered":"<p>Higiene y cuidado personal en la esquizofrenia En la esquizofrenia como en otros trastornos mentales severos, en un porcentaje elevado de ocasiones, el cuidado y la higiene personal se acaban convirtiendo en un foco de discusi\u00f3n familiar diario. Y estas dificultades forman parte de los s\u00edntomas de la esquizofrenia, concretamente de los s\u00edntomas negativos. A &hellip; <\/p>\n<p><a class=\"more-link btn\" href=\"https:\/\/psicologo-especialista-barcelona.com\/blog\/esquizofrenia-cuidado-e-higiene-personal\/\">Seguir leyendo<\/a><\/p>\n","protected":false},"author":1,"featured_media":0,"comment_status":"open","ping_status":"open","sticky":false,"template":"","format":"standard","meta":[],"categories":[8],"tags":[80,81,11,79,9,16,78,25,10,82],"aioseo_notices":[],"_links":{"self":[{"href":"https:\/\/psicologo-especialista-barcelona.com\/blog\/wp-json\/wp\/v2\/posts\/140"}],"collection":[{"href":"https:\/\/psicologo-especialista-barcelona.com\/blog\/wp-json\/wp\/v2\/posts"}],"about":[{"href":"https:\/\/psicologo-especialista-barcelona.com\/blog\/wp-json\/wp\/v2\/types\/post"}],"author":[{"embeddable":true,"href":"https:\/\/psicologo-especialista-barcelona.com\/blog\/wp-json\/wp\/v2\/users\/1"}],"replies":[{"embeddable":true,"href":"https:\/\/psicologo-especialista-barcelona.com\/blog\/wp-json\/wp\/v2\/comments?post=140"}],"version-history":[{"count":6,"href":"https:\/\/psicologo-especialista-barcelona.com\/blog\/wp-json\/wp\/v2\/posts\/140\/revisions"}],"predecessor-version":[{"id":933,"href":"https:\/\/psicologo-especialista-barcelona.com\/blog\/wp-json\/wp\/v2\/posts\/140\/revisions\/933"}],"wp:attachment":[{"href":"https:\/\/psicologo-especialista-barcelona.com\/blog\/wp-json\/wp\/v2\/media?parent=140"}],"wp:term":[{"taxonomy":"category","embeddable":true,"href":"https:\/\/psicologo-especialista-barcelona.com\/blog\/wp-json\/wp\/v2\/categories?post=140"},{"taxonomy":"post_tag","embeddable":true,"href":"https:\/\/psicologo-especialista-barcelona.com\/blog\/wp-json\/wp\/v2\/tags?post=140"}],"curies":[{"name":"wp","href":"https:\/\/api.w.org\/{rel}","templated":true}]}}