{"id":106,"date":"2012-04-10T12:45:26","date_gmt":"2012-04-10T11:45:26","guid":{"rendered":"https:\/\/psicologo-especialista-barcelona.com\/blog\/?p=106"},"modified":"2013-06-19T16:22:33","modified_gmt":"2013-06-19T15:22:33","slug":"esquizofrenia-y-prejuicios","status":"publish","type":"post","link":"https:\/\/psicologo-especialista-barcelona.com\/blog\/esquizofrenia-y-prejuicios\/","title":{"rendered":"Esquizofrenia y Prejuicios"},"content":{"rendered":"<h1 style=\"text-align: center;\"><strong>Los prejuicios en la esquizofrenia<\/strong><\/h1>\n<p style=\"text-align: justify;\">En los \u00faltimos a\u00f1os posiblemente gracias a la facilidad y difusi\u00f3n de la informaci\u00f3n por tantos medios, informativos, peri\u00f3dicos,\u00a0 internet, smartphones&#8230; el padecer una enfermedad mental ya no es tan estigmatizante, aunque con sus diferencias.<\/p>\n<p style=\"text-align: justify;\">De la misma manera acudir al psic\u00f3logo, sin mencionar al psiquiatra, tambi\u00e9n conlleva un cierto estigma o jucio social. Pero son convicciones fuertemente asociadas a la cultura. Por ejemplo no es lo mismo acudir al psic\u00f3logo en Barcelona, que hacerlo en Buenos Aires, ya que en Argentina el tratamiento psicol\u00f3gico se considera un tratamiento de primer orden, y est\u00e1 completamente normalizado e integrado en la sociedad. En Barcelona nadie es se\u00f1alado por llevar a su hijo al dentista, no? Pero seguramente si se sabe que lo lleva al psic\u00f3logo, s\u00ed que es posible que el resto de madres comiencen\u00a0 a preguntarse porqu\u00e9, qu\u00e9 le ocurre, desde cu\u00e1ndo acude al psic\u00f3logo&#8230;<\/p>\n<p style=\"text-align: justify;\">En el caso de la esquizofrenia, es una de las enfermedades m\u00e1s estigmatizantes tanto para la persona como para la familia. Generalmente se asocia con la violencia, y el descontrol. Se destac\u00f3 en el informe de 1999 \u00abReport on Mental Health of the United States Surgeon General\u00bb que apuntaba que la poblaci\u00f3n que asociaba la conducta violenta en enfermedades mentales graves se hab\u00eda duplicado en 16 a\u00f1os de estudio.<\/p>\n<p style=\"text-align: justify;\"><em>\u00bfPorqu\u00e9 es tan fuerte el estigma a pesar de la concienciaci\u00f3n que actualmente muestra el p\u00fablico ante las enfermedades mentales? La respuesta parece ser el miedo a la violencia: concretamente a las personas que padecen psicosis, se las considera m\u00e1s violentas que en el pasado&#8230;<\/em><\/p>\n<p style=\"text-align: justify;\"><a href=\"https:\/\/psicologo-especialista-barcelona.com\/blog\/wp-content\/uploads\/2012\/04\/social.jpg\"><img loading=\"lazy\" class=\"size-medium wp-image-109 aligncenter\" title=\"Prejuicios en la esquizofrenia\" alt=\"Prejuicios en la esquizofrenia\" src=\"https:\/\/psicologo-especialista-barcelona.com\/blog\/wp-content\/uploads\/2012\/04\/social-300x206.jpg\" width=\"300\" height=\"206\" srcset=\"https:\/\/psicologo-especialista-barcelona.com\/blog\/wp-content\/uploads\/2012\/04\/social-300x206.jpg 300w, https:\/\/psicologo-especialista-barcelona.com\/blog\/wp-content\/uploads\/2012\/04\/social.jpg 400w\" sizes=\"(max-width: 300px) 100vw, 300px\" \/><\/a><\/p>\n<p style=\"text-align: justify;\"><em><\/em>Otro de los datos relevantes es el peso social que tienen en los medios de comunicaci\u00f3n los actos violentos cometidos por personas con esquizofrenia, u otros trastornos mentales graves. Basta con un s\u00f3lo acto violento por parte de una persona, para que durante mucho tiempo la gente \u00abevite y rechace\u00bb a la poblaci\u00f3n considerada violenta. Imaginemos un titular: \u00bb Ejecutivo pierde los nervios y agrede a su jefe en el trabajo\u00bb, y ahora \u00e9ste otro&#8230; \u00abEsquizofr\u00e9nico pierde los nervios y agrede a su jefe que le hab\u00eda contratado\u00bb qu\u00e9 pens\u00e1is? con qu\u00e9 idea nos quedamos?.<\/p>\n<p style=\"text-align: justify;\">Lo cierto es que desgraciadamente todav\u00eda nos queda mucho camino por recorrer, aunque en algunos aspectos hayamos avanzado mucho todav\u00eda tenemos que agachar la cabeza y reconocer que estamos lejos de nuestra meta, que es romper con estos estigmas sociales que no hacen m\u00e1s que dificultar la recuperaci\u00f3n de muchas personas y familias.<\/p>\n<p style=\"text-align: center;\"><strong><span style=\"color: #000000;\"> Ap\u00fantate para seguir el blog e ir recibiendo art\u00edculos sobre salud y consejos sobre c\u00f3mo vivir mejor. Es completamente gratuito y te har\u00e1 estar informado en todo momento.<\/span><\/strong><\/p>\n<form style=\"border: 2px solid #ccc; padding: 3px; text-align: center;\" action=\"http:\/\/feedburner.google.com\/fb\/a\/mailverify\" method=\"post\" target=\"popupwindow\" onsubmit=\"window.open('http:\/\/feedburner.google.com\/fb\/a\/mailverify?uri=psicologo-especialista-barcelona', 'popupwindow', 'scrollbars=yes,width=550,height=520');return true\">Escribe tu e-mail:<input style=\"width: 140px;\" type=\"text\" name=\"email\" \/><input type=\"hidden\" name=\"uri\" value=\"psicologo-especialista-barcelona\" \/><input type=\"hidden\" name=\"loc\" value=\"es_ES\" \/><input type=\"submit\" value=\"Ap\u00fantarme\" \/><br \/>\nDelivered by <a href=\"http:\/\/feedburner.google.com\" target=\"_blank\">FeedBurner<\/a><\/form>\n<p>&nbsp;<\/p>\n","protected":false},"excerpt":{"rendered":"<p>Los prejuicios en la esquizofrenia En los \u00faltimos a\u00f1os posiblemente gracias a la facilidad y difusi\u00f3n de la informaci\u00f3n por tantos medios, informativos, peri\u00f3dicos,\u00a0 internet, smartphones&#8230; el padecer una enfermedad mental ya no es tan estigmatizante, aunque con sus diferencias. De la misma manera acudir al psic\u00f3logo, sin mencionar al psiquiatra, tambi\u00e9n conlleva un cierto &hellip; <\/p>\n<p><a class=\"more-link btn\" href=\"https:\/\/psicologo-especialista-barcelona.com\/blog\/esquizofrenia-y-prejuicios\/\">Seguir leyendo<\/a><\/p>\n","protected":false},"author":1,"featured_media":0,"comment_status":"open","ping_status":"open","sticky":false,"template":"","format":"standard","meta":[],"categories":[8],"tags":[44,11,57,58,241,9,4,56,59],"aioseo_notices":[],"_links":{"self":[{"href":"https:\/\/psicologo-especialista-barcelona.com\/blog\/wp-json\/wp\/v2\/posts\/106"}],"collection":[{"href":"https:\/\/psicologo-especialista-barcelona.com\/blog\/wp-json\/wp\/v2\/posts"}],"about":[{"href":"https:\/\/psicologo-especialista-barcelona.com\/blog\/wp-json\/wp\/v2\/types\/post"}],"author":[{"embeddable":true,"href":"https:\/\/psicologo-especialista-barcelona.com\/blog\/wp-json\/wp\/v2\/users\/1"}],"replies":[{"embeddable":true,"href":"https:\/\/psicologo-especialista-barcelona.com\/blog\/wp-json\/wp\/v2\/comments?post=106"}],"version-history":[{"count":10,"href":"https:\/\/psicologo-especialista-barcelona.com\/blog\/wp-json\/wp\/v2\/posts\/106\/revisions"}],"predecessor-version":[{"id":920,"href":"https:\/\/psicologo-especialista-barcelona.com\/blog\/wp-json\/wp\/v2\/posts\/106\/revisions\/920"}],"wp:attachment":[{"href":"https:\/\/psicologo-especialista-barcelona.com\/blog\/wp-json\/wp\/v2\/media?parent=106"}],"wp:term":[{"taxonomy":"category","embeddable":true,"href":"https:\/\/psicologo-especialista-barcelona.com\/blog\/wp-json\/wp\/v2\/categories?post=106"},{"taxonomy":"post_tag","embeddable":true,"href":"https:\/\/psicologo-especialista-barcelona.com\/blog\/wp-json\/wp\/v2\/tags?post=106"}],"curies":[{"name":"wp","href":"https:\/\/api.w.org\/{rel}","templated":true}]}}